{"dados":[{"titulo":"Edital lavoura irrigada","dataAtualizacao":"2026-04-09 11:43:48","dataPostagem":"2026-05-08 16:21:00","dataRealizacao":"2026-04-09 11:00:00","numeroEdital":3,"numeroProcesso":3,"modalidade":"Chamamento P\u00fablico","situacao":"Aberto","descricao":"O Munic&iacute;pio de Arroio do Padre, no &acirc;mbito do programa Lavoura Irrigada, criado pela Lei Municipal n&ordm; 2.432, de 13 de outubro de 2022, torna p&uacute;blico para o conhecimento dos interessados que est&atilde;o abertas as inscri&ccedil;&otilde;es para produtores que tenham <strong>interesse em construir reservat&oacute;rios de &aacute;gua e\/ou adquirir equipamentos para irriga&ccedil;&atilde;o de lavouras em propriedades localizadas no Munic&iacute;pio de Arroio do Padre<\/strong>, num valor total de investimento de R$ 57.776,67(Cinquenta e sete mil setecentos e setenta e seis mil reais com sessenta e sete centavos) a fim de beneficiar no m&iacute;nimo 10 (dez) fam&iacute;lias de produtores rurais do munic&iacute;pio, n&uacute;mero que poder&aacute; ser ampliado, caso haja pedidos\/projetos de produtores com valores inferiores a cota m&aacute;xima que &eacute; de R$ 5.776,67 (cinco mil setecentos e setenta e seis reais com sessenta e sete centavos)."},{"titulo":"Edital Escolha das soberanas de Arroio do Padre 2026_2027","dataAtualizacao":"2026-04-13 16:12:20","dataPostagem":"2026-04-03 23:59:00","dataRealizacao":"2026-03-26 16:30:00","numeroEdital":1,"numeroProcesso":1,"modalidade":"Chamamento P\u00fablico","situacao":"Aberto","descricao":"Fica institu&iacute;do o regulamento do Concurso de Escolha das Soberanas do Munic&iacute;pio de Arroio do Padre."},{"titulo":"SELE\u00c7\u00c3O DE PRODUTORES RURAIS PARA PARTICIPA\u00c7\u00c3O NO PROGRAMA \u201cTERRA E PRODU\u00c7\u00c3O\u201d \u2013 AN\u00c1LISE DE SOLO","dataAtualizacao":"2026-02-19 08:27:56","dataPostagem":"2026-03-05 16:00:00","dataRealizacao":"2026-02-19 08:00:00","numeroEdital":2,"numeroProcesso":2,"modalidade":"Chamamento P\u00fablico","situacao":"Aberto","descricao":"OBJETIVO<br \/>\r\nSelecionar produtores rurais do munic&iacute;pio para realiza&ccedil;&atilde;o de an&aacute;lises qu&iacute;mica de solo, em suas propriedades, visando &agrave; melhoria da qualidade produtiva, conserva&ccedil;&atilde;o do solo e orienta&ccedil;&atilde;o t&eacute;cnica para uso adequado de insumos agr&iacute;colas."},{"titulo":"PROGRAMA DE DESENVOLVIMENTO ECON\u00d4MICO DESENVOLVER ARROIO DO PADRE DESTINA\u00c7\u00c3O DE RECURSOS P\u00daBLICOS MUNICIPAIS PARA A AQUISI\u00c7\u00c3O E CONSTRU\u00c7\u00c3O DE ESTUFAS PARA PRODU\u00c7\u00c3O DE HORTIGRANJEIROS E\/OU PEQUENOS FRUTOS","dataAtualizacao":"2026-03-20 18:09:51","dataPostagem":"2026-03-05 16:00:00","dataRealizacao":"2026-02-19 08:00:00","numeroEdital":1,"numeroProcesso":1,"modalidade":"Chamamento P\u00fablico","situacao":"Aberto","descricao":"PROGRAMA DE DESENVOLVIMENTO ECON&Ocirc;MICO DESENVOLVER ARROIO DO PADRE DESTINA&Ccedil;&Atilde;O DE RECURSOS P&Uacute;BLICOS MUNICIPAIS PARA A AQUISI&Ccedil;&Atilde;O E CONSTRU&Ccedil;&Atilde;O DE ESTUFAS PARA PRODU&Ccedil;&Atilde;O DE HORTIGRANJEIROS E\/OU PEQUENOS FRUTOS"},{"titulo":"Edital de Divulga\u00e7\u00e3o e Estabelecimento das Condi\u00e7\u00f5es para Explora\u00e7\u00e3o Comercial de Espa\u00e7os no Evento da 21\u00aa Festa Municipal de Arroio do Padre, 17\u00aa Festa Regional do Caqui e da Ma\u00e7\u00e3, 30\u00b0 Anivers\u00e1rio de Emancipa\u00e7\u00e3o do munic\u00edpio","dataAtualizacao":"2026-02-06 16:52:23","dataPostagem":"2026-02-11 16:30:00","dataRealizacao":"2026-02-06 16:52:00","numeroEdital":1,"numeroProcesso":1,"modalidade":"Credenciamento","situacao":"Aberto","descricao":"<strong>Edital<\/strong><strong> <\/strong><strong>de<\/strong><strong> <\/strong><strong>Divulga&ccedil;&atilde;o<\/strong><strong> <\/strong><strong>e<\/strong><strong> <\/strong><strong>Estabelecimento<\/strong><strong> <\/strong><strong>das Condi&ccedil;&otilde;es para Explora&ccedil;&atilde;o Comercial de Espa&ccedil;os no Evento da 21&ordf; Festa Municipal de Arroio do Padre, 17&ordf; Festa Regional do Caqui e da Ma&ccedil;&atilde;, 30&deg; Anivers&aacute;rio de Emancipa&ccedil;&atilde;o do munic&iacute;pio.<\/strong>"}]}