{"dados":[{"titulo":"RREO 1\u00b0 BIMESTRE","dataAtualizacao":"2026-03-27 14:05:03","data":"2026-03-27","categoria":"RREO - Relat\u00f3rio Resumido da Execu\u00e7\u00e3o Or\u00e7ament\u00e1ria","descricao":""},{"titulo":"Anexo 06- Demonstrativo Simplificado do Relat\u00f3rio de Gest\u00e3o Fiscal","dataAtualizacao":"2026-01-29 15:53:09","data":"2026-01-29","categoria":"RGF - Relat\u00f3rio Gest\u00e3o Fiscal","descricao":""},{"titulo":"Anexo 14 - Demonstrativo Simplificado do Relat\u00f3rio Resumido da Execu\u00e7\u00e3o Or\u00e7ament\u00e1ria","dataAtualizacao":"2026-01-29 15:55:06","data":"2026-01-29","categoria":"RREO - Relat\u00f3rio Resumido da Execu\u00e7\u00e3o Or\u00e7ament\u00e1ria","descricao":""},{"titulo":"Emendas Parlamentares 2025","dataAtualizacao":"2026-02-18 16:07:04","data":"2025-12-24","categoria":"Emendas Parlamentares","descricao":""},{"titulo":"Emendas Parlamentares 2025\/01","dataAtualizacao":"2026-02-18 14:12:59","data":"2025-07-01","categoria":"Emendas Parlamentares","descricao":""},{"titulo":"Emendas Parlamentares 2025\/01","dataAtualizacao":"2026-02-18 14:12:59","data":"2025-07-01","categoria":"Emendas Parlamentares","descricao":""}]}